{"id":12869,"date":"2023-02-09T13:19:26","date_gmt":"2023-02-09T13:19:26","guid":{"rendered":"https:\/\/dakar2023.gsef-net.org\/youth-for-sse-convocatoria-de-candidaturas-para-el-sdo-village\/"},"modified":"2023-03-02T23:59:52","modified_gmt":"2023-03-02T23:59:52","slug":"youth-for-sse-convocatoria-de-candidaturas-para-el-sdo-village","status":"publish","type":"post","link":"https:\/\/dakar2023.gsef-net.org\/es\/youth-for-sse-convocatoria-de-candidaturas-para-el-sdo-village\/","title":{"rendered":"<strong>Youth for SSE &#8211; Convocatoria de candidaturas para el SDO Village<\/strong>"},"content":{"rendered":"\t\t<div data-elementor-type=\"wp-post\" data-elementor-id=\"12869\" class=\"elementor elementor-12869 elementor-12236\" data-elementor-post-type=\"post\">\n\t\t\t\t\t\t<section class=\"elementor-section elementor-top-section elementor-element elementor-element-44ef36d elementor-section-boxed elementor-section-height-default elementor-section-height-default\" data-id=\"44ef36d\" data-element_type=\"section\">\n\t\t\t\t\t\t<div class=\"elementor-container elementor-column-gap-default\">\n\t\t\t\t\t<div class=\"elementor-column elementor-col-100 elementor-top-column elementor-element elementor-element-caa8e6e\" data-id=\"caa8e6e\" data-element_type=\"column\">\n\t\t\t<div class=\"elementor-widget-wrap elementor-element-populated\">\n\t\t\t\t\t\t<div class=\"elementor-element elementor-element-343c38e elementor-widget elementor-widget-text-editor\" data-id=\"343c38e\" data-element_type=\"widget\" data-widget_type=\"text-editor.default\">\n\t\t\t\t<div class=\"elementor-widget-container\">\n\t\t\t\t\t\t\t\t\t<p><span style=\"font-weight: 400\">En <\/span><b>Foro Mundial de la Econom\u00eda Social y Solidaria <\/b><span style=\"font-weight: 400\">tendr\u00e1 lugar del 1 al 6 de mayo de 2023 en Dakar.&nbsp;<\/span><br><br><\/p>\n<p><span style=\"font-weight: 400\">En todos los pa\u00edses del mundo, la juventud es el futuro. Esta realidad es a\u00fan m\u00e1s significativa en \u00c1frica, donde los j\u00f3venes menores de 35 a\u00f1os constituyen dos tercios de la poblaci\u00f3n del continente. El GSEF da un lugar importante a los j\u00f3venes que crean valores sociales y econ\u00f3micos para un mundo m\u00e1s justo y equitativo. <\/span><span style=\"font-weight: 400\"><br><br><\/span><\/p>\n<p>As\u00ed es como la <b>Consortium Jeunesse S\u00e9n\u00e9gal<\/b><span style=\"font-weight: 400\"> (CJS) con el <\/span><b>Direcci\u00f3n de Juventud y Vida Comunitaria de la Ciudad de Dakar<\/b><span style=\"font-weight: 400\"> organizan el Pre-foro, dedicado a la juventud de la ESS, los d\u00edas 1 y 2 de mayo de 2023 sobre el tema <\/span><i><span style=\"font-weight: 400\">\u00abEmprendimiento colectivo y sostenible para los territorios: \u00a1respuestas de inclusi\u00f3n para los j\u00f3venes de aqu\u00ed y de fuera!\u00bb<\/span><\/i><br><br><\/p>\n<p><span style=\"font-weight: 400\">En <\/span><b>Pre-Foro de la Juventud de la ESS<\/b><span style=\"font-weight: 400\">pretende reunir a 2.000 participantes y 100 ponentes de m\u00e1s de 20 pa\u00edses en Dakar y a 30.000 participantes en l\u00ednea.&nbsp;<\/span><\/p>\n<p><span style=\"font-weight: 400\">Est\u00e1n previstos talleres para compartir experiencias, actuaciones art\u00edsticas y ferias de oportunidades (empleo, esp\u00edritu empresarial, investigaci\u00f3n, innovaci\u00f3n social, econom\u00eda solidaria, etc.).<\/span><br><br><\/p>\n<p><span style=\"font-weight: 400\">Los objetivos de este Pre-Foro de la Juventud de la ESS son<\/span><\/p>\n<ul>\n<li style=\"font-weight: 400\"><span style=\"font-weight: 400\">Reunir a j\u00f3venes de distintas ciudades del mundo.<\/span><\/li>\n<li style=\"font-weight: 400\"><span style=\"font-weight: 400\">Promover proyectos de j\u00f3venes en la econom\u00eda social y solidaria<\/span><\/li>\n<li style=\"font-weight: 400\"><span style=\"font-weight: 400\">Dar a los j\u00f3venes un lugar privilegiado en las actividades y escuchar sus ideas para encontrar soluciones.<\/span><\/li>\n<li style=\"font-weight: 400\"><span style=\"font-weight: 400\">Co-construir y proponer acciones concretas para los actores de la ESS en Senegal.&nbsp;<\/span><\/li>\n<\/ul>\n<p><span style=\"font-weight: 400\">&nbsp;<\/span><\/p>\n<p><span style=\"font-weight: 400\">Una de las actividades clave del Pre-Foro de la Juventud de la ESS es el <\/span><b>Objetivos de desarrollo Aldea<\/b><span style=\"font-weight: 400\">t<\/span><b> Sostenible<\/b><span style=\"font-weight: 400\"> (ODD). La aldea constar\u00e1 de 17 stands (uno por ODS), en los que innovadores de distintos pa\u00edses del mundo presentar\u00e1n sus soluciones. Buscamos soluciones innovadoras y de gran impacto para alcanzar los ODS.&nbsp;<\/span> <br><br><\/p>\n<p style=\"padding-left: 40px\"><span style=\"font-weight: 400\">\u00bfEres un joven con una soluci\u00f3n para los j\u00f3venes?&nbsp;<br>\u00bfEs usted empresario? <br>\u00bfTrabaja en una start-up o en una asociaci\u00f3n empresarial? <br>\u00bfTiene una soluci\u00f3n que responda a los retos de la econom\u00eda social y solidaria o que contribuya a la consecuci\u00f3n de uno o varios ODS? <br>\u00bfLe gustar\u00eda exponer en la aldea de los SDO para promocionar su soluci\u00f3n o innovaci\u00f3n impactante?<\/span><\/p>\n<p><span style=\"font-style: inherit;color: var(--ast-global-color-3)\">Entonces esta convocatoria de soluciones SDO es para usted.&nbsp;<\/span><br><br><\/p>\n<p><span style=\"font-weight: 400\">No se pierda esta oportunidad de encontrar nuevas alianzas, ampliar su red de contactos y conectar con otros innovadores y proveedores de soluciones de todo el mundo.<\/span><\/p>\n<p><span style=\"font-style: inherit;color: var(--ast-global-color-3)\">No dude en ponerse en contacto con nosotros en nuestra direcci\u00f3n de correo electr\u00f3nico y siga los siguientes hashtags&nbsp; :<\/span><a style=\"font-style: inherit;font-weight: inherit;background-color: #ffffff\" href=\"mailto:preforumjeuness@consortiumjeunessesenegal.org\">preforumjeuness@consortiumjeunessesenegal.org<\/a><br><\/p>\n<p><span style=\"font-weight: 700\">#jeunESS2023<\/span><br><\/p>\n<p><span style=\"font-weight: 700\">#jeunESSdakar2023<\/span><br><\/p>\n<p><span style=\"font-weight: 700\">#dakargsef2023<\/span><\/p>\t\t\t\t\t\t\t\t<\/div>\n\t\t\t\t<\/div>\n\t\t\t\t\t<\/div>\n\t\t<\/div>\n\t\t\t\t\t<\/div>\n\t\t<\/section>\n\t\t\t\t<section class=\"elementor-section elementor-top-section elementor-element elementor-element-e2815dc elementor-section-boxed elementor-section-height-default elementor-section-height-default\" data-id=\"e2815dc\" data-element_type=\"section\">\n\t\t\t\t\t\t<div class=\"elementor-container elementor-column-gap-default\">\n\t\t\t\t\t<div class=\"elementor-column elementor-col-100 elementor-top-column elementor-element elementor-element-bc72759\" data-id=\"bc72759\" data-element_type=\"column\">\n\t\t\t<div class=\"elementor-widget-wrap elementor-element-populated\">\n\t\t\t\t\t\t<div class=\"elementor-element elementor-element-bfd084e elementor-widget elementor-widget-image\" data-id=\"bfd084e\" data-element_type=\"widget\" data-widget_type=\"image.default\">\n\t\t\t\t<div class=\"elementor-widget-container\">\n\t\t\t\t\t\t\t\t\t\t\t\t\t\t\t\t<a href=\"https:\/\/dakar2023.gsef-net.org\/wp-content\/uploads\/sites\/2\/2023\/02\/ODD-JEUNESS-1.png\" data-elementor-open-lightbox=\"yes\" data-elementor-lightbox-title=\"ODD JEUNESS\" data-e-action-hash=\"#elementor-action%3Aaction%3Dlightbox%26settings%3DeyJpZCI6MTIyNDUsInVybCI6Imh0dHBzOlwvXC9kYWthcjIwMjMuZ3NlZi1uZXQub3JnXC93cC1jb250ZW50XC91cGxvYWRzXC9zaXRlc1wvMlwvMjAyM1wvMDJcL09ERC1KRVVORVNTLTEucG5nIn0%3D\">\n\t\t\t\t\t\t\t<img fetchpriority=\"high\" decoding=\"async\" width=\"974\" height=\"325\" src=\"https:\/\/dakar2023.gsef-net.org\/wp-content\/uploads\/sites\/2\/2023\/02\/ODD-JEUNESS-1.png\" class=\"attachment-large size-large wp-image-12245\" alt=\"\" srcset=\"https:\/\/dakar2023.gsef-net.org\/wp-content\/uploads\/sites\/2\/2023\/02\/ODD-JEUNESS-1.png 974w, https:\/\/dakar2023.gsef-net.org\/wp-content\/uploads\/sites\/2\/2023\/02\/ODD-JEUNESS-1-300x100.png 300w, https:\/\/dakar2023.gsef-net.org\/wp-content\/uploads\/sites\/2\/2023\/02\/ODD-JEUNESS-1-768x256.png 768w, https:\/\/dakar2023.gsef-net.org\/wp-content\/uploads\/sites\/2\/2023\/02\/ODD-JEUNESS-1-200x67.png 200w, https:\/\/dakar2023.gsef-net.org\/wp-content\/uploads\/sites\/2\/2023\/02\/ODD-JEUNESS-1-600x200.png 600w\" sizes=\"(max-width: 974px) 100vw, 974px\" \/>\t\t\t\t\t\t\t\t<\/a>\n\t\t\t\t\t\t\t\t\t\t\t\t\t\t\t<\/div>\n\t\t\t\t<\/div>\n\t\t\t\t<div class=\"elementor-element elementor-element-3146ec3 elementor-align-center elementor-widget elementor-widget-button\" data-id=\"3146ec3\" data-element_type=\"widget\" data-widget_type=\"button.default\">\n\t\t\t\t<div class=\"elementor-widget-container\">\n\t\t\t\t\t\t\t\t\t<div class=\"elementor-button-wrapper\">\n\t\t\t\t\t<a class=\"elementor-button elementor-button-link elementor-size-sm\" href=\"http:\/\/bit.ly\/jeunESSodd\" target=\"_blank\">\n\t\t\t\t\t\t<span class=\"elementor-button-content-wrapper\">\n\t\t\t\t\t\t\t\t\t<span class=\"elementor-button-text\">Solicitar antes del 28 de febrero de 2023 <\/span>\n\t\t\t\t\t<\/span>\n\t\t\t\t\t<\/a>\n\t\t\t\t<\/div>\n\t\t\t\t\t\t\t\t<\/div>\n\t\t\t\t<\/div>\n\t\t\t\t\t<\/div>\n\t\t<\/div>\n\t\t\t\t\t<\/div>\n\t\t<\/section>\n\t\t\t\t<\/div>\n\t\t","protected":false},"excerpt":{"rendered":"<p>En Foro Mundial de la Econom\u00eda Social y Solidaria tendr\u00e1 lugar del 1 al 6 de mayo de 2023 en Dakar.&nbsp; En todos los pa\u00edses del mundo, la juventud es el futuro. Esta realidad es a\u00fan m\u00e1s significativa en \u00c1frica, donde los j\u00f3venes menores de 35 a\u00f1os constituyen dos tercios de la poblaci\u00f3n del continente. [&hellip;]<\/p>\n","protected":false},"author":8,"featured_media":0,"comment_status":"closed","ping_status":"open","sticky":false,"template":"","format":"standard","meta":{"site-sidebar-layout":"default","site-content-layout":"","ast-site-content-layout":"default","site-content-style":"default","site-sidebar-style":"default","ast-global-header-display":"","ast-banner-title-visibility":"","ast-main-header-display":"","ast-hfb-above-header-display":"","ast-hfb-below-header-display":"","ast-hfb-mobile-header-display":"","site-post-title":"","ast-breadcrumbs-content":"","ast-featured-img":"","footer-sml-layout":"","theme-transparent-header-meta":"","adv-header-id-meta":"","stick-header-meta":"","header-above-stick-meta":"","header-main-stick-meta":"","header-below-stick-meta":"","astra-migrate-meta-layouts":"default","ast-page-background-enabled":"default","ast-page-background-meta":{"desktop":{"background-color":"var(--ast-global-color-4)","background-image":"","background-repeat":"repeat","background-position":"center center","background-size":"auto","background-attachment":"scroll","background-type":"","background-media":"","overlay-type":"","overlay-color":"","overlay-opacity":"","overlay-gradient":""},"tablet":{"background-color":"","background-image":"","background-repeat":"repeat","background-position":"center center","background-size":"auto","background-attachment":"scroll","background-type":"","background-media":"","overlay-type":"","overlay-color":"","overlay-opacity":"","overlay-gradient":""},"mobile":{"background-color":"","background-image":"","background-repeat":"repeat","background-position":"center center","background-size":"auto","background-attachment":"scroll","background-type":"","background-media":"","overlay-type":"","overlay-color":"","overlay-opacity":"","overlay-gradient":""}},"ast-content-background-meta":{"desktop":{"background-color":"var(--ast-global-color-5)","background-image":"","background-repeat":"repeat","background-position":"center center","background-size":"auto","background-attachment":"scroll","background-type":"","background-media":"","overlay-type":"","overlay-color":"","overlay-opacity":"","overlay-gradient":""},"tablet":{"background-color":"var(--ast-global-color-5)","background-image":"","background-repeat":"repeat","background-position":"center center","background-size":"auto","background-attachment":"scroll","background-type":"","background-media":"","overlay-type":"","overlay-color":"","overlay-opacity":"","overlay-gradient":""},"mobile":{"background-color":"var(--ast-global-color-5)","background-image":"","background-repeat":"repeat","background-position":"center center","background-size":"auto","background-attachment":"scroll","background-type":"","background-media":"","overlay-type":"","overlay-color":"","overlay-opacity":"","overlay-gradient":""}},"footnotes":""},"categories":[32],"tags":[],"class_list":["post-12869","post","type-post","status-publish","format-standard","hentry","category-sin-categorizar"],"_links":{"self":[{"href":"https:\/\/dakar2023.gsef-net.org\/es\/wp-json\/wp\/v2\/posts\/12869","targetHints":{"allow":["GET"]}}],"collection":[{"href":"https:\/\/dakar2023.gsef-net.org\/es\/wp-json\/wp\/v2\/posts"}],"about":[{"href":"https:\/\/dakar2023.gsef-net.org\/es\/wp-json\/wp\/v2\/types\/post"}],"author":[{"embeddable":true,"href":"https:\/\/dakar2023.gsef-net.org\/es\/wp-json\/wp\/v2\/users\/8"}],"replies":[{"embeddable":true,"href":"https:\/\/dakar2023.gsef-net.org\/es\/wp-json\/wp\/v2\/comments?post=12869"}],"version-history":[{"count":2,"href":"https:\/\/dakar2023.gsef-net.org\/es\/wp-json\/wp\/v2\/posts\/12869\/revisions"}],"predecessor-version":[{"id":15157,"href":"https:\/\/dakar2023.gsef-net.org\/es\/wp-json\/wp\/v2\/posts\/12869\/revisions\/15157"}],"wp:attachment":[{"href":"https:\/\/dakar2023.gsef-net.org\/es\/wp-json\/wp\/v2\/media?parent=12869"}],"wp:term":[{"taxonomy":"category","embeddable":true,"href":"https:\/\/dakar2023.gsef-net.org\/es\/wp-json\/wp\/v2\/categories?post=12869"},{"taxonomy":"post_tag","embeddable":true,"href":"https:\/\/dakar2023.gsef-net.org\/es\/wp-json\/wp\/v2\/tags?post=12869"}],"curies":[{"name":"wp","href":"https:\/\/api.w.org\/{rel}","templated":true}]}}