{"id":12236,"date":"2023-02-09T13:19:26","date_gmt":"2023-02-09T13:19:26","guid":{"rendered":"https:\/\/dakar2023.gsef-net.org\/?p=12236"},"modified":"2023-03-02T23:59:51","modified_gmt":"2023-03-02T23:59:51","slug":"les-jeunes-au-service-de-less-appel-a-candidature-au-village-des-odd","status":"publish","type":"post","link":"https:\/\/dakar2023.gsef-net.org\/fr\/les-jeunes-au-service-de-less-appel-a-candidature-au-village-des-odd\/","title":{"rendered":"<strong>Les jeunes au service de l&rsquo;ESS &#8211; Appel \u00e0 candidature au Village des ODD<\/strong>"},"content":{"rendered":"\t\t<div data-elementor-type=\"wp-post\" data-elementor-id=\"12236\" class=\"elementor elementor-12236\" data-elementor-post-type=\"post\">\n\t\t\t\t\t\t<section class=\"elementor-section elementor-top-section elementor-element elementor-element-44ef36d elementor-section-boxed elementor-section-height-default elementor-section-height-default\" data-id=\"44ef36d\" data-element_type=\"section\">\n\t\t\t\t\t\t<div class=\"elementor-container elementor-column-gap-default\">\n\t\t\t\t\t<div class=\"elementor-column elementor-col-100 elementor-top-column elementor-element elementor-element-caa8e6e\" data-id=\"caa8e6e\" data-element_type=\"column\">\n\t\t\t<div class=\"elementor-widget-wrap elementor-element-populated\">\n\t\t\t\t\t\t<div class=\"elementor-element elementor-element-343c38e elementor-widget elementor-widget-text-editor\" data-id=\"343c38e\" data-element_type=\"widget\" data-widget_type=\"text-editor.default\">\n\t\t\t\t<div class=\"elementor-widget-container\">\n\t\t\t\t\t\t\t\t\t<p><span style=\"font-weight: 400\">Le <\/span><b>Forum Mondial de l&rsquo;Economie sociale et solidaire <\/b><span style=\"font-weight: 400\">se tient du 1er au 6 mai 2023 \u00e0 Dakar.&nbsp;<\/span><br><br><\/p>\n<p><span style=\"font-weight: 400\">Dans tous les pays du monde, la jeunesse incarne l&rsquo;avenir. Cette r\u00e9alit\u00e9 prend encore plus de sens en Afrique, o\u00f9 les jeunes de moins de 35 ans repr\u00e9sentent deux tiers de la population du continent. Le GSEF accorde une place importante \u00e0 cette jeunesse cr\u00e9atrice de valeurs sociales et \u00e9conomiques pour un monde plus juste et \u00e9quitable. <\/span><span style=\"font-weight: 400\"><br><br><\/span><\/p>\n<p>C\u2019est ainsi que le <b>Consortium Jeunesse S\u00e9n\u00e9gal<\/b><span style=\"font-weight: 400\"> (CJS) avec la <\/span><b>Direction de la Jeunesse et Vie associative de la Ville de Dakar<\/b><span style=\"font-weight: 400\"> organisent le Pr\u00e9-forum, d\u00e9di\u00e9 \u00e0 la jeunesse de l&rsquo;ESS les 1er et 2 mai 2023 sur le th\u00e8me <\/span><i><span style=\"font-weight: 400\">\u201cEntrepreneuriat collectif et durable pour les territoires : les r\u00e9ponses d\u2019inclusion des jeunes d\u2019ici et d&rsquo;ailleurs !\u201d<\/span><\/i><br><br><\/p>\n<p><span style=\"font-weight: 400\">Le <\/span><b>Pr\u00e9-forum Jeun\u2019ESS<\/b><span style=\"font-weight: 400\"> ambitionne de r\u00e9unir 2 000 participants et 100 speakers originaires de plus de 20 pays, \u00e0 Dakar, et 30 000 participants en ligne.&nbsp;<\/span><\/p>\n<p><span style=\"font-weight: 400\">Des ateliers de partage d&rsquo;exp\u00e9riences, des performances artistiques et de salons d\u2019opportunit\u00e9s (emploi, entrepreneuriat, recherche, innovation sociale, \u00e9conomie solidaire etc) sont pr\u00e9vus.<\/span><br><br><\/p>\n<p><span style=\"font-weight: 400\">Les objectifs de ce Pr\u00e9-forum jeun\u2019ESS sont les suivants :<\/span><\/p>\n<ul>\n<li style=\"font-weight: 400\"><span style=\"font-weight: 400\">R\u00e9unir des jeunes venant de plusieurs villes du monde.<\/span><\/li>\n<li style=\"font-weight: 400\"><span style=\"font-weight: 400\">Faire rayonner les projets de la jeunesse dans les \u00c9conomies Sociales et Solidaires<\/span><\/li>\n<li style=\"font-weight: 400\"><span style=\"font-weight: 400\">Accorder une place privil\u00e9gi\u00e9e aux jeunes dans les activit\u00e9s et \u00e9couter leurs id\u00e9es de solutions.<\/span><\/li>\n<li style=\"font-weight: 400\"><span style=\"font-weight: 400\">Co-construire et proposer des actions concr\u00e8tes pour les acteurs de l\u2019ESS au S\u00e9n\u00e9gal.&nbsp;<\/span><\/li>\n<\/ul>\n<p><span style=\"font-weight: 400\">&nbsp;<\/span><\/p>\n<p><span style=\"font-weight: 400\">Une des activit\u00e9s phares du Pr\u00e9-forum Jeun\u2019ESS est le <\/span><b>Village des Objectifs du D\u00e9veloppemen<\/b><span style=\"font-weight: 400\">t<\/span><b> Durable<\/b><span style=\"font-weight: 400\"> (ODD). Ce village sera compos\u00e9 de 17 stands (un stand par ODD), dans lesquels des innovateurs, originaires de diff\u00e9rents pays du monde, exposeront leur solution. Nous recherchons des solutions innovantes et \u00e0 fort impact pour l&rsquo;atteinte des ODD.&nbsp;<\/span> <br><br><\/p>\n<p style=\"padding-left: 40px\"><span style=\"font-weight: 400\">Tu es jeune et tu portes une solution d\u00e9di\u00e9e aux jeunes ?&nbsp;<br>Tu es entrepreneur ? <br>Tu travailles dans une start-up ou dans une association entreprenante ? <br>Tu as une solution pour r\u00e9pondre aux enjeux de l&rsquo;\u00e9conomie sociale et solidaire ou qui contribue \u00e0 l&rsquo;atteinte d\u2019un ou plusieurs ODD ? <br>Tu souhaites exposer dans le village des ODD afin de promouvoir ta solution ou ton innovation \u00e0 impact ?<\/span><\/p>\n<p><span style=\"font-style: inherit;color: var(--ast-global-color-3)\">Alors cet appel \u00e0 solution ODD est fait pour toi !&nbsp;<\/span><br><br><\/p>\n<p><span style=\"font-weight: 400\">Ne manque pas cette opportunit\u00e9 de trouver de nouvelles pistes de partenariats, d&rsquo;\u00e9largir ton r\u00e9seau, de te connecter avec d&rsquo;autres innovateurs ou porteurs de solutions du monde entier.<\/span><\/p>\n<p><span style=\"font-style: inherit;color: var(--ast-global-color-3)\">N\u2019h\u00e9site pas \u00e0 nous contacter sur notre adresse mail et \u00e0 suivre les hashtags suivants&nbsp; : <\/span><a style=\"font-style: inherit;font-weight: inherit;background-color: #ffffff\" href=\"mailto:preforumjeuness@consortiumjeunessesenegal.org\">preforumjeuness@consortiumjeunessesenegal.org<\/a><br><\/p>\n<p><span style=\"font-weight: 700\">#jeunESS2023<\/span><br><\/p>\n<p><span style=\"font-weight: 700\">#jeunESSdakar2023<\/span><br><\/p>\n<p><span style=\"font-weight: 700\">#dakargsef2023<\/span><\/p>\t\t\t\t\t\t\t\t<\/div>\n\t\t\t\t<\/div>\n\t\t\t\t\t<\/div>\n\t\t<\/div>\n\t\t\t\t\t<\/div>\n\t\t<\/section>\n\t\t\t\t<section class=\"elementor-section elementor-top-section elementor-element elementor-element-e2815dc elementor-section-boxed elementor-section-height-default elementor-section-height-default\" data-id=\"e2815dc\" data-element_type=\"section\">\n\t\t\t\t\t\t<div class=\"elementor-container elementor-column-gap-default\">\n\t\t\t\t\t<div class=\"elementor-column elementor-col-100 elementor-top-column elementor-element elementor-element-bc72759\" data-id=\"bc72759\" data-element_type=\"column\">\n\t\t\t<div class=\"elementor-widget-wrap elementor-element-populated\">\n\t\t\t\t\t\t<div class=\"elementor-element elementor-element-bfd084e elementor-widget elementor-widget-image\" data-id=\"bfd084e\" data-element_type=\"widget\" data-widget_type=\"image.default\">\n\t\t\t\t<div class=\"elementor-widget-container\">\n\t\t\t\t\t\t\t\t\t\t\t\t\t\t\t\t<a href=\"https:\/\/dakar2023.gsef-net.org\/wp-content\/uploads\/sites\/2\/2023\/02\/ODD-JEUNESS-1.png\" data-elementor-open-lightbox=\"yes\" data-elementor-lightbox-title=\"ODD JEUNESS\" data-e-action-hash=\"#elementor-action%3Aaction%3Dlightbox%26settings%3DeyJpZCI6IjEyMjQzIiwidXJsIjoiaHR0cHM6XC9cL2Rha2FyMjAyMy5nc2VmLW5ldC5vcmdcL3dwLWNvbnRlbnRcL3VwbG9hZHNcL3NpdGVzXC8yXC8yMDIzXC8wMlwvT0RELUpFVU5FU1MtMS5wbmcifQ%3D%3D\">\n\t\t\t\t\t\t\t<img fetchpriority=\"high\" decoding=\"async\" width=\"974\" height=\"325\" src=\"https:\/\/dakar2023.gsef-net.org\/wp-content\/uploads\/sites\/2\/2023\/02\/ODD-JEUNESS-1.png\" class=\"attachment-large size-large wp-image-12243\" alt=\"\" srcset=\"https:\/\/dakar2023.gsef-net.org\/wp-content\/uploads\/sites\/2\/2023\/02\/ODD-JEUNESS-1.png 974w, https:\/\/dakar2023.gsef-net.org\/wp-content\/uploads\/sites\/2\/2023\/02\/ODD-JEUNESS-1-300x100.png 300w, https:\/\/dakar2023.gsef-net.org\/wp-content\/uploads\/sites\/2\/2023\/02\/ODD-JEUNESS-1-768x256.png 768w, https:\/\/dakar2023.gsef-net.org\/wp-content\/uploads\/sites\/2\/2023\/02\/ODD-JEUNESS-1-200x67.png 200w, https:\/\/dakar2023.gsef-net.org\/wp-content\/uploads\/sites\/2\/2023\/02\/ODD-JEUNESS-1-600x200.png 600w\" sizes=\"(max-width: 974px) 100vw, 974px\" \/>\t\t\t\t\t\t\t\t<\/a>\n\t\t\t\t\t\t\t\t\t\t\t\t\t\t\t<\/div>\n\t\t\t\t<\/div>\n\t\t\t\t<div class=\"elementor-element elementor-element-3146ec3 elementor-align-center elementor-widget elementor-widget-button\" data-id=\"3146ec3\" data-element_type=\"widget\" data-widget_type=\"button.default\">\n\t\t\t\t<div class=\"elementor-widget-container\">\n\t\t\t\t\t\t\t\t\t<div class=\"elementor-button-wrapper\">\n\t\t\t\t\t<a class=\"elementor-button elementor-button-link elementor-size-sm\" href=\"http:\/\/bit.ly\/jeunESSodd\" target=\"_blank\">\n\t\t\t\t\t\t<span class=\"elementor-button-content-wrapper\">\n\t\t\t\t\t\t\t\t\t<span class=\"elementor-button-text\">Postule avant le 28 f\u00e9vrier 2023 <\/span>\n\t\t\t\t\t<\/span>\n\t\t\t\t\t<\/a>\n\t\t\t\t<\/div>\n\t\t\t\t\t\t\t\t<\/div>\n\t\t\t\t<\/div>\n\t\t\t\t\t<\/div>\n\t\t<\/div>\n\t\t\t\t\t<\/div>\n\t\t<\/section>\n\t\t\t\t<\/div>\n\t\t","protected":false},"excerpt":{"rendered":"<p>Le Forum Mondial de l&rsquo;Economie sociale et solidaire se tient du 1er au 6 mai 2023 \u00e0 Dakar.&nbsp; Dans tous les pays du monde, la jeunesse incarne l&rsquo;avenir. Cette r\u00e9alit\u00e9 prend encore plus de sens en Afrique, o\u00f9 les jeunes de moins de 35 ans repr\u00e9sentent deux tiers de la population du continent. Le GSEF [&hellip;]<\/p>\n","protected":false},"author":8,"featured_media":0,"comment_status":"closed","ping_status":"open","sticky":false,"template":"","format":"standard","meta":{"site-sidebar-layout":"default","site-content-layout":"","ast-site-content-layout":"default","site-content-style":"default","site-sidebar-style":"default","ast-global-header-display":"","ast-banner-title-visibility":"","ast-main-header-display":"","ast-hfb-above-header-display":"","ast-hfb-below-header-display":"","ast-hfb-mobile-header-display":"","site-post-title":"","ast-breadcrumbs-content":"","ast-featured-img":"","footer-sml-layout":"","theme-transparent-header-meta":"","adv-header-id-meta":"","stick-header-meta":"","header-above-stick-meta":"","header-main-stick-meta":"","header-below-stick-meta":"","astra-migrate-meta-layouts":"default","ast-page-background-enabled":"default","ast-page-background-meta":{"desktop":{"background-color":"var(--ast-global-color-4)","background-image":"","background-repeat":"repeat","background-position":"center center","background-size":"auto","background-attachment":"scroll","background-type":"","background-media":"","overlay-type":"","overlay-color":"","overlay-opacity":"","overlay-gradient":""},"tablet":{"background-color":"","background-image":"","background-repeat":"repeat","background-position":"center center","background-size":"auto","background-attachment":"scroll","background-type":"","background-media":"","overlay-type":"","overlay-color":"","overlay-opacity":"","overlay-gradient":""},"mobile":{"background-color":"","background-image":"","background-repeat":"repeat","background-position":"center center","background-size":"auto","background-attachment":"scroll","background-type":"","background-media":"","overlay-type":"","overlay-color":"","overlay-opacity":"","overlay-gradient":""}},"ast-content-background-meta":{"desktop":{"background-color":"var(--ast-global-color-5)","background-image":"","background-repeat":"repeat","background-position":"center center","background-size":"auto","background-attachment":"scroll","background-type":"","background-media":"","overlay-type":"","overlay-color":"","overlay-opacity":"","overlay-gradient":""},"tablet":{"background-color":"var(--ast-global-color-5)","background-image":"","background-repeat":"repeat","background-position":"center center","background-size":"auto","background-attachment":"scroll","background-type":"","background-media":"","overlay-type":"","overlay-color":"","overlay-opacity":"","overlay-gradient":""},"mobile":{"background-color":"var(--ast-global-color-5)","background-image":"","background-repeat":"repeat","background-position":"center center","background-size":"auto","background-attachment":"scroll","background-type":"","background-media":"","overlay-type":"","overlay-color":"","overlay-opacity":"","overlay-gradient":""}},"footnotes":""},"categories":[1],"tags":[],"class_list":["post-12236","post","type-post","status-publish","format-standard","hentry","category-non-classifiee"],"_links":{"self":[{"href":"https:\/\/dakar2023.gsef-net.org\/fr\/wp-json\/wp\/v2\/posts\/12236","targetHints":{"allow":["GET"]}}],"collection":[{"href":"https:\/\/dakar2023.gsef-net.org\/fr\/wp-json\/wp\/v2\/posts"}],"about":[{"href":"https:\/\/dakar2023.gsef-net.org\/fr\/wp-json\/wp\/v2\/types\/post"}],"author":[{"embeddable":true,"href":"https:\/\/dakar2023.gsef-net.org\/fr\/wp-json\/wp\/v2\/users\/8"}],"replies":[{"embeddable":true,"href":"https:\/\/dakar2023.gsef-net.org\/fr\/wp-json\/wp\/v2\/comments?post=12236"}],"version-history":[{"count":23,"href":"https:\/\/dakar2023.gsef-net.org\/fr\/wp-json\/wp\/v2\/posts\/12236\/revisions"}],"predecessor-version":[{"id":12584,"href":"https:\/\/dakar2023.gsef-net.org\/fr\/wp-json\/wp\/v2\/posts\/12236\/revisions\/12584"}],"wp:attachment":[{"href":"https:\/\/dakar2023.gsef-net.org\/fr\/wp-json\/wp\/v2\/media?parent=12236"}],"wp:term":[{"taxonomy":"category","embeddable":true,"href":"https:\/\/dakar2023.gsef-net.org\/fr\/wp-json\/wp\/v2\/categories?post=12236"},{"taxonomy":"post_tag","embeddable":true,"href":"https:\/\/dakar2023.gsef-net.org\/fr\/wp-json\/wp\/v2\/tags?post=12236"}],"curies":[{"name":"wp","href":"https:\/\/api.w.org\/{rel}","templated":true}]}}